{"id":46373,"date":"2026-03-02T14:24:58","date_gmt":"2026-03-02T13:24:58","guid":{"rendered":"https:\/\/hydroleduc.com\/de\/?p=46373"},"modified":"2026-03-02T14:38:37","modified_gmt":"2026-03-02T13:38:37","slug":"hydro-leduc-wird-auf-der-conexpo-2026-vertreten-sein-stand-s-84228-south-hall-ebene-2","status":"publish","type":"post","link":"https:\/\/hydroleduc.com\/de\/hydro-leduc-wird-auf-der-conexpo-2026-vertreten-sein-stand-s-84228-south-hall-ebene-2\/","title":{"rendered":"Hydro Leduc wird auf der CONEXPO 2026 vertreten sein &#8211; Stand S-84228, South Hall, Ebene 2."},"content":{"rendered":"\t\t<div data-elementor-type=\"wp-post\" data-elementor-id=\"46373\" class=\"elementor elementor-46373\" data-elementor-post-type=\"post\">\n\t\t\t\t<div class=\"elementor-element elementor-element-e50a070 e-flex e-con-boxed e-con e-parent\" data-id=\"e50a070\" data-element_type=\"container\" data-e-type=\"container\">\n\t\t\t\t\t<div class=\"e-con-inner\">\n\t\t\t\t<div class=\"elementor-element elementor-element-c411b4c elementor-widget elementor-widget-text-editor\" data-id=\"c411b4c\" data-element_type=\"widget\" data-e-type=\"widget\" data-widget_type=\"text-editor.default\">\n\t\t\t\t<div class=\"elementor-widget-container\">\n\t\t\t\t\t\t\t\t\t\n<h3><span style=\"color: #0095db;\"><strong>HYDRO LEDUC auf der CONEXPO-CON\/AGG 2026<\/strong><\/span><\/h3>\n<p>Anl\u00e4sslich der <a href=\"https:\/\/www.conexpoconagg.com\/\"><span style=\"color: #0095db;\"><strong>CONEXPO-CON\/AGG 2026<\/strong><\/span><\/a> wird<strong> HYDRO LEDUC<\/strong> seine Hochdruck-Hydraulik- und elektrohydraulischen L\u00f6sungen f\u00fcr Baumaschinen und Off-Highway-Ausr\u00fcstungen pr\u00e4sentieren.<\/p>\n<p>Vom <strong>3. bis 7. M\u00e4rz 2026<\/strong> begr\u00fc\u00dfen Sie unsere Teams in der<strong> South Hall, Level 2, Stand S-84228<\/strong>, um sich \u00fcber Ihre technischen Herausforderungen auszutauschen.<\/p>\n<h3><span style=\"color: #0095db;\">WARUM HYDRO LEDUC AUF DER CONEXPO BESUCHEN?<\/span><\/h3>\n<p>Die <strong><span style=\"color: #0095db;\">CONEXPO-CON\/AGG<\/span><\/strong> ist eine der wichtigsten Veranstaltungen f\u00fcr Akteure im Bereich Baumaschinen und mobile Technologien.<\/p>\n<p>Sie vereint:<strong> \u00fcber 2.000 Aussteller<\/strong> aus allen Bereichen der Schwermaschinen, Komponenten und Bautechnologien; <strong>rund 150 technische Sessions und Workshops<\/strong> zu Innovationen, Best Practices, Wartung usw.; sowie <strong>nahezu 140.000 erwartete Fachbesucher<\/strong> aus mehr als 130 L\u00e4ndern.<\/p>\n<p>An unserem Stand k\u00f6nnen Sie:<\/p>\n<ul>\n<li>Verstehen, wie Hochdruck-<span style=\"color: #0095db;\"><strong>Hydraulikpumpen und -motoren<\/strong><\/span> zur Leistungsf\u00e4higkeit und Zuverl\u00e4ssigkeit mobiler Maschinen beitragen<\/li>\n<li>L\u00f6sungen <span style=\"color: #0095db;\"><strong>entdecken<\/strong><\/span>, die f\u00fcr anspruchsvolle Einsatzbedingungen entwickelt wurden: Wirkungsgrad, Kompaktheit, Robustheit<\/li>\n<li><span style=\"color: #0095db;\"><strong>Sich mit unseren technischen Teams<\/strong><\/span> \u00fcber Ihre Integrations- und Betriebsanforderungen austauschen<\/li>\n<\/ul>\n<p><strong>H\u00e4ufig gestellte Frage:<\/strong> <em>Wie kann ich die Zuverl\u00e4ssigkeit meiner Hydrauliksysteme unter anspruchsvollen Bedingungen verbessern?<\/em><\/p>\n<p>Unsere Experten erl\u00e4utern Konstruktionsprinzipien und Technologien, die zur Erh\u00f6hung der Stabilit\u00e4t und Lebensdauer hydraulischer Kreisl\u00e4ufe beitragen.<\/p>\n<h3><span style=\"color: #0095db;\">UNSERE HYDRAULIKL\u00d6SUNGEN<\/span><\/h3>\n<p><strong>HYDRO LEDUC<\/strong> entwickelt und fertigt Komponenten f\u00fcr mobile und industrielle Anwendungen, insbesondere:<\/p>\n<ul>\n<li><strong>Axialkolbenpumpen<\/strong><\/li>\n<li><strong>Hydraulikmotoren<\/strong><\/li>\n<li><strong>Hydropneumatische Speicher<\/strong><\/li>\n<li><strong>Mikrohydraulische Komponenten<\/strong><\/li>\n<\/ul>\n<p>Diese L\u00f6sungen sind f\u00fcr Hochdrucksysteme und Anwendungen ausgelegt, die Leistung und Zuverl\u00e4ssigkeit erfordern.<\/p>\n<h3><span style=\"color: #0095db;\">AUF UNSEREM STAND PR\u00c4SENTIERTE PRODUKTE<\/span><\/h3>\n<p>W\u00e4hrend der <span style=\"color: #0095db;\"><strong>CONEXPO-CON\/AGG 2026<\/strong><\/span> werden <strong>HYDRO LEDUC<\/strong> und <a href=\"https:\/\/elmotion.com\/\"><strong>EL MOTION<\/strong> <\/a>mehrere L\u00f6sungen f\u00fcr mobile Maschinen und Baumaschinen hervorheben:<\/p>\n<ul>\n<li><span style=\"color: #0095db;\"><strong>MA250<\/strong><\/span><\/li>\n<li><span style=\"color: #0095db;\"><strong>MA45<\/strong><\/span><\/li>\n<li><span style=\"color: #0095db;\"><strong>XRT<\/strong><\/span><\/li>\n<li><span style=\"color: #0095db;\"><strong>XRE<\/strong><\/span><\/li>\n<li><span style=\"color: #0095db;\"><strong>eGP extern<\/strong><\/span><\/li>\n<li><span style=\"color: #0095db;\"><strong>ME230 (ePTO)<\/strong><\/span><\/li>\n<li><span style=\"color: #0095db;\"><strong>GEP7.3<\/strong><\/span><\/li>\n<\/ul>\n<p>Diese Produkte veranschaulichen unser Know-how im Bereich Hochdruck, Systemkompaktheit und Integration in mobile Maschinen.<\/p>\n<h3><span style=\"color: #0095db;\">HYDRAULIK UND ELEKTRIFIZIERUNG<\/span><\/h3>\n<p><strong>H\u00e4ufig gestellte Frage:<\/strong><em> Wie lassen sich Hochdruck-Hydraulik und elektrische Antriebssysteme kombinieren?<\/em><\/p>\n<p>Elektrohydraulische L\u00f6sungen erm\u00f6glichen die Kombination von Elektromotor, Leistungselektronik und hydraulischer Energieerzeugung. Ihre Umsetzung basiert auf einem Systemansatz, der elektrische, thermische und hydraulische Anforderungen gleicherma\u00dfen ber\u00fccksichtigt.<\/p>\n<h3><span style=\"color: #0095db;\">DIE VORTEILE F\u00dcR IHRE AUSR\u00dcSTUNGEN<\/span><\/h3>\n<p>Bei einem Besuch unseres Standes k\u00f6nnen Sie:<\/p>\n<ul>\n<li><strong>L\u00f6sungen identifizieren<\/strong>, die auf Ihre Maschinen und Betriebszyklen abgestimmt sind<\/li>\n<li><strong>Elektrohydraulische Systeme und ePTO-<span style=\"color: #254a81;\">L\u00f6sungen entdecken<\/span><\/strong><\/li>\n<li><strong>Sich mit unseren technischen und kaufm\u00e4nnischen Teams austauschen<\/strong><\/li>\n<\/ul>\n<p>\u00a0<\/p>\n<h3><span style=\"color: #0095db;\">PLANEN SIE IHREN BESUCH<\/span><\/h3>\n<p><strong>Datum<\/strong>: 3.\u20137. M\u00e4rz 2026<br \/><strong>Ort<\/strong>: Las Vegas Convention Center<br \/><strong>Stand<\/strong>: S-84228 \u2013 South Hall, Level 2<\/p>\n<p><span style=\"color: #0095db;\"><strong>Kontaktieren Sie uns,<\/strong><\/span> um einen Termin zu vereinbaren und unsere L\u00f6sungen f\u00fcr Baumaschinen und Bauausr\u00fcstungen kennenzulernen.<\/p>\n<p>\u00a0<\/p>\t\t\t\t\t\t\t\t<\/div>\n\t\t\t\t<\/div>\n\t\t\t\t<div class=\"elementor-element elementor-element-696f5df elementor-widget elementor-widget-menu-anchor\" data-id=\"696f5df\" data-element_type=\"widget\" data-e-type=\"widget\" data-widget_type=\"menu-anchor.default\">\n\t\t\t\t<div class=\"elementor-widget-container\">\n\t\t\t\t\t\t\t<div class=\"elementor-menu-anchor\" id=\"invitation\"><\/div>\n\t\t\t\t\t\t<\/div>\n\t\t\t\t<\/div>\n\t\t\t\t\t<\/div>\n\t\t\t\t<\/div>\n\t\t\t\t<\/div>\n\t\t","protected":false},"excerpt":{"rendered":"<p>HYDRO LEDUC auf der CONEXPO-CON\/AGG 2026 Anl\u00e4sslich der CONEXPO-CON\/AGG 2026 wird HYDRO LEDUC seine Hochdruck-Hydraulik- und elektrohydraulischen L\u00f6sungen f\u00fcr Baumaschinen und Off-Highway-Ausr\u00fcstungen pr\u00e4sentieren. Vom 3. bis 7. M\u00e4rz 2026 begr\u00fc\u00dfen Sie unsere Teams in der South Hall, Level 2, Stand S-84228, um sich \u00fcber Ihre technischen Herausforderungen auszutauschen. WARUM HYDRO LEDUC AUF DER CONEXPO BESUCHEN? [&hellip;]<\/p>\n","protected":false},"author":10,"featured_media":46372,"comment_status":"open","ping_status":"closed","sticky":false,"template":"elementor_theme","format":"standard","meta":{"footnotes":""},"categories":[399],"tags":[],"class_list":["post-46373","post","type-post","status-publish","format-standard","has-post-thumbnail","hentry","category-ereignis"],"yoast_head":"<!-- This site is optimized with the Yoast SEO plugin v27.4 - https:\/\/yoast.com\/product\/yoast-seo-wordpress\/ -->\n<title>Hydro Leduc wird auf der CONEXPO 2026 vertreten sein - Stand S-84228, South Hall, Ebene 2. - HYDRO LEDUC<\/title>\n<meta name=\"robots\" content=\"index, follow, max-snippet:-1, max-image-preview:large, max-video-preview:-1\" \/>\n<link rel=\"canonical\" href=\"https:\/\/hydroleduc.com\/de\/hydro-leduc-wird-auf-der-conexpo-2026-vertreten-sein-stand-s-84228-south-hall-ebene-2\/\" \/>\n<meta property=\"og:locale\" content=\"de_DE\" \/>\n<meta property=\"og:type\" content=\"article\" \/>\n<meta property=\"og:title\" content=\"Hydro Leduc wird auf der CONEXPO 2026 vertreten sein - Stand S-84228, South Hall, Ebene 2. - HYDRO LEDUC\" \/>\n<meta property=\"og:description\" content=\"HYDRO LEDUC auf der CONEXPO-CON\/AGG 2026 Anl\u00e4sslich der CONEXPO-CON\/AGG 2026 wird HYDRO LEDUC seine Hochdruck-Hydraulik- und elektrohydraulischen L\u00f6sungen f\u00fcr Baumaschinen und Off-Highway-Ausr\u00fcstungen pr\u00e4sentieren. Vom 3. bis 7. M\u00e4rz 2026 begr\u00fc\u00dfen Sie unsere Teams in der South Hall, Level 2, Stand S-84228, um sich \u00fcber Ihre technischen Herausforderungen auszutauschen. WARUM HYDRO LEDUC AUF DER CONEXPO BESUCHEN? [&hellip;]\" \/>\n<meta property=\"og:url\" content=\"https:\/\/hydroleduc.com\/de\/hydro-leduc-wird-auf-der-conexpo-2026-vertreten-sein-stand-s-84228-south-hall-ebene-2\/\" \/>\n<meta property=\"og:site_name\" content=\"HYDRO LEDUC\" \/>\n<meta property=\"article:published_time\" content=\"2026-03-02T13:24:58+00:00\" \/>\n<meta property=\"article:modified_time\" content=\"2026-03-02T13:38:37+00:00\" \/>\n<meta property=\"og:image\" content=\"https:\/\/hydroleduc.com\/de\/wp-content\/uploads\/2026\/03\/vignette-blog-site-web-2.png\" \/>\n\t<meta property=\"og:image:width\" content=\"938\" \/>\n\t<meta property=\"og:image:height\" content=\"625\" \/>\n\t<meta property=\"og:image:type\" content=\"image\/png\" \/>\n<meta name=\"author\" content=\"Oyahna Janeczek\" \/>\n<meta name=\"twitter:card\" content=\"summary_large_image\" \/>\n<meta name=\"twitter:label1\" content=\"Verfasst von\" \/>\n\t<meta name=\"twitter:data1\" content=\"Oyahna Janeczek\" \/>\n\t<meta name=\"twitter:label2\" content=\"Gesch\u00e4tzte Lesezeit\" \/>\n\t<meta name=\"twitter:data2\" content=\"3\u00a0Minuten\" \/>\n<script type=\"application\/ld+json\" class=\"yoast-schema-graph\">{\"@context\":\"https:\\\/\\\/schema.org\",\"@graph\":[{\"@type\":\"Article\",\"@id\":\"https:\\\/\\\/hydroleduc.com\\\/de\\\/hydro-leduc-wird-auf-der-conexpo-2026-vertreten-sein-stand-s-84228-south-hall-ebene-2\\\/#article\",\"isPartOf\":{\"@id\":\"https:\\\/\\\/hydroleduc.com\\\/de\\\/hydro-leduc-wird-auf-der-conexpo-2026-vertreten-sein-stand-s-84228-south-hall-ebene-2\\\/\"},\"author\":{\"name\":\"Oyahna Janeczek\",\"@id\":\"https:\\\/\\\/hydroleduc.com\\\/de\\\/#\\\/schema\\\/person\\\/837aee8981911db7eff5b5efe174c6f0\"},\"headline\":\"Hydro Leduc wird auf der CONEXPO 2026 vertreten sein &#8211; Stand S-84228, South Hall, Ebene 2.\",\"datePublished\":\"2026-03-02T13:24:58+00:00\",\"dateModified\":\"2026-03-02T13:38:37+00:00\",\"mainEntityOfPage\":{\"@id\":\"https:\\\/\\\/hydroleduc.com\\\/de\\\/hydro-leduc-wird-auf-der-conexpo-2026-vertreten-sein-stand-s-84228-south-hall-ebene-2\\\/\"},\"wordCount\":410,\"commentCount\":0,\"publisher\":{\"@id\":\"https:\\\/\\\/hydroleduc.com\\\/de\\\/#organization\"},\"image\":{\"@id\":\"https:\\\/\\\/hydroleduc.com\\\/de\\\/hydro-leduc-wird-auf-der-conexpo-2026-vertreten-sein-stand-s-84228-south-hall-ebene-2\\\/#primaryimage\"},\"thumbnailUrl\":\"https:\\\/\\\/hydroleduc.com\\\/de\\\/wp-content\\\/uploads\\\/2026\\\/03\\\/vignette-blog-site-web-2.png\",\"articleSection\":[\"Ereignis\"],\"inLanguage\":\"de\",\"potentialAction\":[{\"@type\":\"CommentAction\",\"name\":\"Comment\",\"target\":[\"https:\\\/\\\/hydroleduc.com\\\/de\\\/hydro-leduc-wird-auf-der-conexpo-2026-vertreten-sein-stand-s-84228-south-hall-ebene-2\\\/#respond\"]}]},{\"@type\":\"WebPage\",\"@id\":\"https:\\\/\\\/hydroleduc.com\\\/de\\\/hydro-leduc-wird-auf-der-conexpo-2026-vertreten-sein-stand-s-84228-south-hall-ebene-2\\\/\",\"url\":\"https:\\\/\\\/hydroleduc.com\\\/de\\\/hydro-leduc-wird-auf-der-conexpo-2026-vertreten-sein-stand-s-84228-south-hall-ebene-2\\\/\",\"name\":\"Hydro Leduc wird auf der CONEXPO 2026 vertreten sein - Stand S-84228, South Hall, Ebene 2. - HYDRO LEDUC\",\"isPartOf\":{\"@id\":\"https:\\\/\\\/hydroleduc.com\\\/de\\\/#website\"},\"primaryImageOfPage\":{\"@id\":\"https:\\\/\\\/hydroleduc.com\\\/de\\\/hydro-leduc-wird-auf-der-conexpo-2026-vertreten-sein-stand-s-84228-south-hall-ebene-2\\\/#primaryimage\"},\"image\":{\"@id\":\"https:\\\/\\\/hydroleduc.com\\\/de\\\/hydro-leduc-wird-auf-der-conexpo-2026-vertreten-sein-stand-s-84228-south-hall-ebene-2\\\/#primaryimage\"},\"thumbnailUrl\":\"https:\\\/\\\/hydroleduc.com\\\/de\\\/wp-content\\\/uploads\\\/2026\\\/03\\\/vignette-blog-site-web-2.png\",\"datePublished\":\"2026-03-02T13:24:58+00:00\",\"dateModified\":\"2026-03-02T13:38:37+00:00\",\"breadcrumb\":{\"@id\":\"https:\\\/\\\/hydroleduc.com\\\/de\\\/hydro-leduc-wird-auf-der-conexpo-2026-vertreten-sein-stand-s-84228-south-hall-ebene-2\\\/#breadcrumb\"},\"inLanguage\":\"de\",\"potentialAction\":[{\"@type\":\"ReadAction\",\"target\":[\"https:\\\/\\\/hydroleduc.com\\\/de\\\/hydro-leduc-wird-auf-der-conexpo-2026-vertreten-sein-stand-s-84228-south-hall-ebene-2\\\/\"]}]},{\"@type\":\"ImageObject\",\"inLanguage\":\"de\",\"@id\":\"https:\\\/\\\/hydroleduc.com\\\/de\\\/hydro-leduc-wird-auf-der-conexpo-2026-vertreten-sein-stand-s-84228-south-hall-ebene-2\\\/#primaryimage\",\"url\":\"https:\\\/\\\/hydroleduc.com\\\/de\\\/wp-content\\\/uploads\\\/2026\\\/03\\\/vignette-blog-site-web-2.png\",\"contentUrl\":\"https:\\\/\\\/hydroleduc.com\\\/de\\\/wp-content\\\/uploads\\\/2026\\\/03\\\/vignette-blog-site-web-2.png\",\"width\":938,\"height\":625,\"caption\":\"vignette blog site web 2\"},{\"@type\":\"BreadcrumbList\",\"@id\":\"https:\\\/\\\/hydroleduc.com\\\/de\\\/hydro-leduc-wird-auf-der-conexpo-2026-vertreten-sein-stand-s-84228-south-hall-ebene-2\\\/#breadcrumb\",\"itemListElement\":[{\"@type\":\"ListItem\",\"position\":1,\"name\":\"Startseite\",\"item\":\"https:\\\/\\\/hydroleduc.com\\\/de\\\/\"},{\"@type\":\"ListItem\",\"position\":2,\"name\":\"Hydro Leduc wird auf der CONEXPO 2026 vertreten sein &#8211; Stand S-84228, South Hall, Ebene 2.\"}]},{\"@type\":\"WebSite\",\"@id\":\"https:\\\/\\\/hydroleduc.com\\\/de\\\/#website\",\"url\":\"https:\\\/\\\/hydroleduc.com\\\/de\\\/\",\"name\":\"HYDRO LEDUC\",\"description\":\"Hersteller von Hydraulikkomponenten\",\"publisher\":{\"@id\":\"https:\\\/\\\/hydroleduc.com\\\/de\\\/#organization\"},\"potentialAction\":[{\"@type\":\"SearchAction\",\"target\":{\"@type\":\"EntryPoint\",\"urlTemplate\":\"https:\\\/\\\/hydroleduc.com\\\/de\\\/?s={search_term_string}\"},\"query-input\":{\"@type\":\"PropertyValueSpecification\",\"valueRequired\":true,\"valueName\":\"search_term_string\"}}],\"inLanguage\":\"de\"},{\"@type\":\"Organization\",\"@id\":\"https:\\\/\\\/hydroleduc.com\\\/de\\\/#organization\",\"name\":\"HYDRO LEDUC\",\"url\":\"https:\\\/\\\/hydroleduc.com\\\/de\\\/\",\"logo\":{\"@type\":\"ImageObject\",\"inLanguage\":\"de\",\"@id\":\"https:\\\/\\\/hydroleduc.com\\\/de\\\/#\\\/schema\\\/logo\\\/image\\\/\",\"url\":\"https:\\\/\\\/hydroleduc.com\\\/de\\\/wp-content\\\/uploads\\\/2025\\\/01\\\/logo-hydroleduc.png\",\"contentUrl\":\"https:\\\/\\\/hydroleduc.com\\\/de\\\/wp-content\\\/uploads\\\/2025\\\/01\\\/logo-hydroleduc.png\",\"width\":366,\"height\":148,\"caption\":\"HYDRO LEDUC\"},\"image\":{\"@id\":\"https:\\\/\\\/hydroleduc.com\\\/de\\\/#\\\/schema\\\/logo\\\/image\\\/\"}},{\"@type\":\"Person\",\"@id\":\"https:\\\/\\\/hydroleduc.com\\\/de\\\/#\\\/schema\\\/person\\\/837aee8981911db7eff5b5efe174c6f0\",\"name\":\"Oyahna Janeczek\",\"image\":{\"@type\":\"ImageObject\",\"inLanguage\":\"de\",\"@id\":\"https:\\\/\\\/secure.gravatar.com\\\/avatar\\\/49229b85b8d40585135f2c3d2ad3a3526894ad7d6da99075d064620d8b6b98c4?s=96&d=mm&r=g\",\"url\":\"https:\\\/\\\/secure.gravatar.com\\\/avatar\\\/49229b85b8d40585135f2c3d2ad3a3526894ad7d6da99075d064620d8b6b98c4?s=96&d=mm&r=g\",\"contentUrl\":\"https:\\\/\\\/secure.gravatar.com\\\/avatar\\\/49229b85b8d40585135f2c3d2ad3a3526894ad7d6da99075d064620d8b6b98c4?s=96&d=mm&r=g\",\"caption\":\"Oyahna Janeczek\"},\"url\":\"https:\\\/\\\/hydroleduc.com\\\/de\\\/author\\\/oj2025\\\/\"}]}<\/script>\n<!-- \/ Yoast SEO plugin. -->","yoast_head_json":{"title":"Hydro Leduc wird auf der CONEXPO 2026 vertreten sein - Stand S-84228, South Hall, Ebene 2. - HYDRO LEDUC","robots":{"index":"index","follow":"follow","max-snippet":"max-snippet:-1","max-image-preview":"max-image-preview:large","max-video-preview":"max-video-preview:-1"},"canonical":"https:\/\/hydroleduc.com\/de\/hydro-leduc-wird-auf-der-conexpo-2026-vertreten-sein-stand-s-84228-south-hall-ebene-2\/","og_locale":"de_DE","og_type":"article","og_title":"Hydro Leduc wird auf der CONEXPO 2026 vertreten sein - Stand S-84228, South Hall, Ebene 2. - HYDRO LEDUC","og_description":"HYDRO LEDUC auf der CONEXPO-CON\/AGG 2026 Anl\u00e4sslich der CONEXPO-CON\/AGG 2026 wird HYDRO LEDUC seine Hochdruck-Hydraulik- und elektrohydraulischen L\u00f6sungen f\u00fcr Baumaschinen und Off-Highway-Ausr\u00fcstungen pr\u00e4sentieren. Vom 3. bis 7. M\u00e4rz 2026 begr\u00fc\u00dfen Sie unsere Teams in der South Hall, Level 2, Stand S-84228, um sich \u00fcber Ihre technischen Herausforderungen auszutauschen. WARUM HYDRO LEDUC AUF DER CONEXPO BESUCHEN? [&hellip;]","og_url":"https:\/\/hydroleduc.com\/de\/hydro-leduc-wird-auf-der-conexpo-2026-vertreten-sein-stand-s-84228-south-hall-ebene-2\/","og_site_name":"HYDRO LEDUC","article_published_time":"2026-03-02T13:24:58+00:00","article_modified_time":"2026-03-02T13:38:37+00:00","og_image":[{"width":938,"height":625,"url":"https:\/\/hydroleduc.com\/de\/wp-content\/uploads\/2026\/03\/vignette-blog-site-web-2.png","type":"image\/png"}],"author":"Oyahna Janeczek","twitter_card":"summary_large_image","twitter_misc":{"Verfasst von":"Oyahna Janeczek","Gesch\u00e4tzte Lesezeit":"3\u00a0Minuten"},"schema":{"@context":"https:\/\/schema.org","@graph":[{"@type":"Article","@id":"https:\/\/hydroleduc.com\/de\/hydro-leduc-wird-auf-der-conexpo-2026-vertreten-sein-stand-s-84228-south-hall-ebene-2\/#article","isPartOf":{"@id":"https:\/\/hydroleduc.com\/de\/hydro-leduc-wird-auf-der-conexpo-2026-vertreten-sein-stand-s-84228-south-hall-ebene-2\/"},"author":{"name":"Oyahna Janeczek","@id":"https:\/\/hydroleduc.com\/de\/#\/schema\/person\/837aee8981911db7eff5b5efe174c6f0"},"headline":"Hydro Leduc wird auf der CONEXPO 2026 vertreten sein &#8211; Stand S-84228, South Hall, Ebene 2.","datePublished":"2026-03-02T13:24:58+00:00","dateModified":"2026-03-02T13:38:37+00:00","mainEntityOfPage":{"@id":"https:\/\/hydroleduc.com\/de\/hydro-leduc-wird-auf-der-conexpo-2026-vertreten-sein-stand-s-84228-south-hall-ebene-2\/"},"wordCount":410,"commentCount":0,"publisher":{"@id":"https:\/\/hydroleduc.com\/de\/#organization"},"image":{"@id":"https:\/\/hydroleduc.com\/de\/hydro-leduc-wird-auf-der-conexpo-2026-vertreten-sein-stand-s-84228-south-hall-ebene-2\/#primaryimage"},"thumbnailUrl":"https:\/\/hydroleduc.com\/de\/wp-content\/uploads\/2026\/03\/vignette-blog-site-web-2.png","articleSection":["Ereignis"],"inLanguage":"de","potentialAction":[{"@type":"CommentAction","name":"Comment","target":["https:\/\/hydroleduc.com\/de\/hydro-leduc-wird-auf-der-conexpo-2026-vertreten-sein-stand-s-84228-south-hall-ebene-2\/#respond"]}]},{"@type":"WebPage","@id":"https:\/\/hydroleduc.com\/de\/hydro-leduc-wird-auf-der-conexpo-2026-vertreten-sein-stand-s-84228-south-hall-ebene-2\/","url":"https:\/\/hydroleduc.com\/de\/hydro-leduc-wird-auf-der-conexpo-2026-vertreten-sein-stand-s-84228-south-hall-ebene-2\/","name":"Hydro Leduc wird auf der CONEXPO 2026 vertreten sein - Stand S-84228, South Hall, Ebene 2. - HYDRO LEDUC","isPartOf":{"@id":"https:\/\/hydroleduc.com\/de\/#website"},"primaryImageOfPage":{"@id":"https:\/\/hydroleduc.com\/de\/hydro-leduc-wird-auf-der-conexpo-2026-vertreten-sein-stand-s-84228-south-hall-ebene-2\/#primaryimage"},"image":{"@id":"https:\/\/hydroleduc.com\/de\/hydro-leduc-wird-auf-der-conexpo-2026-vertreten-sein-stand-s-84228-south-hall-ebene-2\/#primaryimage"},"thumbnailUrl":"https:\/\/hydroleduc.com\/de\/wp-content\/uploads\/2026\/03\/vignette-blog-site-web-2.png","datePublished":"2026-03-02T13:24:58+00:00","dateModified":"2026-03-02T13:38:37+00:00","breadcrumb":{"@id":"https:\/\/hydroleduc.com\/de\/hydro-leduc-wird-auf-der-conexpo-2026-vertreten-sein-stand-s-84228-south-hall-ebene-2\/#breadcrumb"},"inLanguage":"de","potentialAction":[{"@type":"ReadAction","target":["https:\/\/hydroleduc.com\/de\/hydro-leduc-wird-auf-der-conexpo-2026-vertreten-sein-stand-s-84228-south-hall-ebene-2\/"]}]},{"@type":"ImageObject","inLanguage":"de","@id":"https:\/\/hydroleduc.com\/de\/hydro-leduc-wird-auf-der-conexpo-2026-vertreten-sein-stand-s-84228-south-hall-ebene-2\/#primaryimage","url":"https:\/\/hydroleduc.com\/de\/wp-content\/uploads\/2026\/03\/vignette-blog-site-web-2.png","contentUrl":"https:\/\/hydroleduc.com\/de\/wp-content\/uploads\/2026\/03\/vignette-blog-site-web-2.png","width":938,"height":625,"caption":"vignette blog site web 2"},{"@type":"BreadcrumbList","@id":"https:\/\/hydroleduc.com\/de\/hydro-leduc-wird-auf-der-conexpo-2026-vertreten-sein-stand-s-84228-south-hall-ebene-2\/#breadcrumb","itemListElement":[{"@type":"ListItem","position":1,"name":"Startseite","item":"https:\/\/hydroleduc.com\/de\/"},{"@type":"ListItem","position":2,"name":"Hydro Leduc wird auf der CONEXPO 2026 vertreten sein &#8211; Stand S-84228, South Hall, Ebene 2."}]},{"@type":"WebSite","@id":"https:\/\/hydroleduc.com\/de\/#website","url":"https:\/\/hydroleduc.com\/de\/","name":"HYDRO LEDUC","description":"Hersteller von Hydraulikkomponenten","publisher":{"@id":"https:\/\/hydroleduc.com\/de\/#organization"},"potentialAction":[{"@type":"SearchAction","target":{"@type":"EntryPoint","urlTemplate":"https:\/\/hydroleduc.com\/de\/?s={search_term_string}"},"query-input":{"@type":"PropertyValueSpecification","valueRequired":true,"valueName":"search_term_string"}}],"inLanguage":"de"},{"@type":"Organization","@id":"https:\/\/hydroleduc.com\/de\/#organization","name":"HYDRO LEDUC","url":"https:\/\/hydroleduc.com\/de\/","logo":{"@type":"ImageObject","inLanguage":"de","@id":"https:\/\/hydroleduc.com\/de\/#\/schema\/logo\/image\/","url":"https:\/\/hydroleduc.com\/de\/wp-content\/uploads\/2025\/01\/logo-hydroleduc.png","contentUrl":"https:\/\/hydroleduc.com\/de\/wp-content\/uploads\/2025\/01\/logo-hydroleduc.png","width":366,"height":148,"caption":"HYDRO LEDUC"},"image":{"@id":"https:\/\/hydroleduc.com\/de\/#\/schema\/logo\/image\/"}},{"@type":"Person","@id":"https:\/\/hydroleduc.com\/de\/#\/schema\/person\/837aee8981911db7eff5b5efe174c6f0","name":"Oyahna Janeczek","image":{"@type":"ImageObject","inLanguage":"de","@id":"https:\/\/secure.gravatar.com\/avatar\/49229b85b8d40585135f2c3d2ad3a3526894ad7d6da99075d064620d8b6b98c4?s=96&d=mm&r=g","url":"https:\/\/secure.gravatar.com\/avatar\/49229b85b8d40585135f2c3d2ad3a3526894ad7d6da99075d064620d8b6b98c4?s=96&d=mm&r=g","contentUrl":"https:\/\/secure.gravatar.com\/avatar\/49229b85b8d40585135f2c3d2ad3a3526894ad7d6da99075d064620d8b6b98c4?s=96&d=mm&r=g","caption":"Oyahna Janeczek"},"url":"https:\/\/hydroleduc.com\/de\/author\/oj2025\/"}]}},"_links":{"self":[{"href":"https:\/\/hydroleduc.com\/de\/wp-json\/wp\/v2\/posts\/46373","targetHints":{"allow":["GET"]}}],"collection":[{"href":"https:\/\/hydroleduc.com\/de\/wp-json\/wp\/v2\/posts"}],"about":[{"href":"https:\/\/hydroleduc.com\/de\/wp-json\/wp\/v2\/types\/post"}],"author":[{"embeddable":true,"href":"https:\/\/hydroleduc.com\/de\/wp-json\/wp\/v2\/users\/10"}],"replies":[{"embeddable":true,"href":"https:\/\/hydroleduc.com\/de\/wp-json\/wp\/v2\/comments?post=46373"}],"version-history":[{"count":3,"href":"https:\/\/hydroleduc.com\/de\/wp-json\/wp\/v2\/posts\/46373\/revisions"}],"predecessor-version":[{"id":46376,"href":"https:\/\/hydroleduc.com\/de\/wp-json\/wp\/v2\/posts\/46373\/revisions\/46376"}],"wp:featuredmedia":[{"embeddable":true,"href":"https:\/\/hydroleduc.com\/de\/wp-json\/wp\/v2\/media\/46372"}],"wp:attachment":[{"href":"https:\/\/hydroleduc.com\/de\/wp-json\/wp\/v2\/media?parent=46373"}],"wp:term":[{"taxonomy":"category","embeddable":true,"href":"https:\/\/hydroleduc.com\/de\/wp-json\/wp\/v2\/categories?post=46373"},{"taxonomy":"post_tag","embeddable":true,"href":"https:\/\/hydroleduc.com\/de\/wp-json\/wp\/v2\/tags?post=46373"}],"curies":[{"name":"wp","href":"https:\/\/api.w.org\/{rel}","templated":true}]}}